{"id":17956,"date":"2022-12-15T17:14:39","date_gmt":"2022-12-15T16:14:39","guid":{"rendered":"https:\/\/oneworlditaliano.com\/unkategorisiert\/intermedio-lezione-8\/"},"modified":"2023-09-05T13:07:33","modified_gmt":"2023-09-05T11:07:33","slug":"intermedio-lezione-8","status":"publish","type":"post","link":"https:\/\/oneworlditaliano.com\/de\/italienischkurse\/kurse-reise-sardinien\/intermedio-lezione-8\/","title":{"rendered":"Lektion 8- La festa de su Prugadoriu!"},"content":{"rendered":"<h3>1) \u00a0Verwendung des konjunktiven Modus, konjunktiver Fokus in abh\u00e4ngigen S\u00e4tzen, die Meinungen, W\u00fcnsche und Willen ausdr\u00fccken.<\/h3>\n<p><span style=\"font-size: 12pt;\">H\u00f6ren Sie sich folgenden Dialog an:<\/span><\/p>\n<blockquote>\n<h5>LA FESTA DE SU PRUGADORIU!<\/h5>\n<p><strong>Alice:<\/strong>\u00a0Credo che il 31 Ottobre a Seui inizi la festa \u201cde su Prugadoriu\u201d.<br \/>\n<strong>Laura:<\/strong>\u00a0E di cosa si tratta?<br \/>\n<strong>Alice:<\/strong>\u00a0Beh non \u00e8 una vera e propria festa, \u00e8 una sagra:<br \/>\nI bambini girano per le case del paese chiedendo un\u2019offerta per le anime dei morti che stanno in purgatorio!<br \/>\nPenso che ci sia anche una rappresentazione storica in costume.<br \/>\n<strong>Laura:<\/strong>\u00a0Una rappresentazione in costume! E di cosa?<br \/>\n<strong>Alice:<\/strong> La lotta fra i sardi e l\u2019impero romano. \u00c8 famosissima! Ritengo possa essere importantissimo per il tuo lavoro parteciparvi!<br \/>\n<strong>Laura:\u00a0<\/strong>Quanti giorni dura?<\/p><\/blockquote>\n<audio class=\"wp-audio-shortcode\" id=\"audio-17956-1\" preload=\"none\" style=\"width: 100%;\" controls=\"controls\"><source type=\"audio\/mpeg\" src=\"https:\/\/oneworlditaliano.com\/wp-content\/uploads\/2022\/08\/su_prugadoriu.mp3?_=1\" \/><a href=\"https:\/\/oneworlditaliano.com\/wp-content\/uploads\/2022\/08\/su_prugadoriu.mp3\">https:\/\/oneworlditaliano.com\/wp-content\/uploads\/2022\/08\/su_prugadoriu.mp3<\/a><\/audio>\n<h3><strong>2) Beobachte die Konjugation der regul\u00e4ren Verben mit dem gegenw\u00e4rtigen Konjugativ und die wichtigsten Verwendungen dieses verbalen Modus.<\/strong><\/h3>\n<table width=\"100%\">\n<tbody>\n<tr>\n<td style=\"width: 33%; vertical-align: top;\" rowspan=\"2\" width=\"32%\"><span style=\"font-size: 12pt;\"><strong>Mangiare<\/strong><\/span><\/p>\n<blockquote><p><span style=\"font-size: 12pt;\">(che) io <span style=\"color: #cc0000;\">mangi<\/span><\/span><br \/>\n<span style=\"font-size: 12pt;\">(che) tu <span style=\"color: #cc0000;\">mangi<\/span><\/span><br \/>\n<span style=\"font-size: 12pt;\">(che) lui\/lei <span style=\"color: #cc0000;\">mangi<\/span><\/span><br \/>\n<span style=\"font-size: 12pt;\">(che) noi <span style=\"color: #cc0000;\">mangiamo<\/span><\/span><br \/>\n<span style=\"font-size: 12pt;\">(che) voi <span style=\"color: #cc0000;\">mangiate<\/span><\/span><br \/>\n<span style=\"font-size: 12pt;\">(che) loro <span style=\"color: #cc0000;\">mangino<\/span><\/span><\/p><\/blockquote>\n<\/td>\n<td style=\"width: 34%; vertical-align: top;\" rowspan=\"2\" width=\"33%\"><span style=\"font-size: 12pt;\"><strong>Vendere<\/strong><\/span><\/p>\n<blockquote><p><span style=\"font-size: 12pt;\">(che) io <span style=\"color: #cc0000;\">venda<\/span><\/span><br \/>\n<span style=\"font-size: 12pt;\">(che) tu <span style=\"color: #cc0000;\">venda<\/span><\/span><br \/>\n<span style=\"font-size: 12pt;\">(che) lui\/lei <span style=\"color: #cc0000;\">venda<\/span><\/span><br \/>\n<span style=\"font-size: 12pt;\">(che) noi <span style=\"color: #cc0000;\">vendiamo<\/span><\/span><br \/>\n<span style=\"font-size: 12pt;\">(che) voi <span style=\"color: #cc0000;\">vendiate<\/span><\/span><br \/>\n<span style=\"font-size: 12pt;\">(che) loro <span style=\"color: #cc0000;\">vendano<\/span><\/span><\/p><\/blockquote>\n<\/td>\n<td style=\"width: 33%; vertical-align: top;\" rowspan=\"2\" width=\"32%\"><span style=\"font-size: 12pt;\"><strong>Sentire<\/strong><\/span><\/p>\n<blockquote><p><span style=\"font-size: 12pt;\">(che) io <span style=\"color: #cc0000;\">senta<\/span><\/span><br \/>\n<span style=\"font-size: 12pt;\">(che) tu <span style=\"color: #cc0000;\">senta<\/span><\/span><br \/>\n<span style=\"font-size: 12pt;\">(che) lui\/lei <span style=\"color: #cc0000;\">senta<\/span><\/span><br \/>\n<span style=\"font-size: 12pt;\">(che) noi <span style=\"color: #cc0000;\">sentiamo<\/span><\/span><br \/>\n<span style=\"font-size: 12pt;\">(che) voi <span style=\"color: #cc0000;\">sentiate<\/span><\/span><br \/>\n<span style=\"font-size: 12pt;\">(che) loro <span style=\"color: #cc0000;\">sentano<\/span><\/span><\/p><\/blockquote>\n<\/td>\n<\/tr>\n<\/tbody>\n<\/table>\n<p style=\"padding-left: 40px;\"><span style=\"font-size: 12pt;\"><a href=\"https:\/\/oneworlditaliano.com\/wp-content\/uploads\/2022\/09\/favicon.ico\"><img loading=\"lazy\" decoding=\"async\" class=\"alignnone size-full wp-image-3339\" src=\"https:\/\/oneworlditaliano.com\/wp-content\/uploads\/2022\/09\/favicon.ico\" alt=\"\" width=\"16\" height=\"16\" \/><\/a> <a href=\"https:\/\/oneworlditaliano.com\/de\/italienische-grammatik\/hinweise-grammatik\/italienischer-konjunktiv\/\">Congiuntivo Italiano<\/a> Konjunktiv wird haupts\u00e4chlich in zwei F\u00e4llen verwendet&#8230;<\/span><\/p>\n<h3><strong>3) Gebrauch:<\/strong><\/h3>\n<p>Studieren Sie diese S\u00e4tze und versuchen Sie zu verstehen, wann wir das Konjunktiv verwenden.<\/p>\n<blockquote><p>Penso che Fabio sia in ritardo.<\/p>\n<p>&nbsp;<\/p><\/blockquote>\n<p style=\"padding-left: 40px;\"><strong><span style=\"font-size: 12pt;\">Ideen, \u00dcberzeugungen auszudr\u00fccken.<\/span><\/strong><\/p>\n<blockquote><p>Spero che tu possa venire alla festa.<\/p>\n<p>&nbsp;<\/p><\/blockquote>\n<p style=\"padding-left: 40px;\"><strong><span style=\"font-size: 12pt;\">W\u00fcnsche, Stimmungen ausdr\u00fccken.<\/span><\/strong><\/p>\n<blockquote><p>Voglio che tu venga con me.<\/p>\n<p>&nbsp;<\/p><\/blockquote>\n<p style=\"padding-left: 40px;\"><strong><span style=\"font-size: 12pt;\">Willen ausdr\u00fccken.<\/span><\/strong><\/p>\n<h3><strong>4)<\/strong> Testen Sie jetzt, was Sie gelernt haben:<\/h3>\n<p style=\"padding-left: 40px;\"><a href=\"https:\/\/oneworlditaliano.com\/wp-content\/uploads\/2022\/09\/favicon.ico\"><img loading=\"lazy\" decoding=\"async\" class=\"alignnone size-full wp-image-3339\" src=\"https:\/\/oneworlditaliano.com\/wp-content\/uploads\/2022\/09\/favicon.ico\" alt=\"\" width=\"16\" height=\"16\" \/><\/a> <a href=\"https:\/\/oneworlditaliano.com\/corsi-italiano\/esercizi-corso-viaggio-sardegna\/esercizio-n8-livello-intermedio\/\">Esercizio N\u00b08<\/a><\/p>\n<p>&nbsp;<\/p>\n","protected":false},"excerpt":{"rendered":"<p>1) \u00a0Verwendung des konjunktiven Modus, konjunktiver Fokus in abh\u00e4ngigen S\u00e4tzen, die Meinungen, W\u00fcnsche und Willen ausdr\u00fccken. H\u00f6ren Sie sich folgenden Dialog an: LA FESTA DE SU PRUGADORIU! Alice:\u00a0Credo che il 31 Ottobre a Seui inizi la festa \u201cde su Prugadoriu\u201d. Laura:\u00a0E di cosa si tratta? Alice:\u00a0Beh non \u00e8 una vera e propria festa, \u00e8 una sagra: I bambini girano per [&hellip;]<\/p>\n","protected":false},"author":4,"featured_media":0,"comment_status":"closed","ping_status":"open","sticky":false,"template":"","format":"standard","meta":{"footnotes":""},"categories":[530],"tags":[],"class_list":["post-17956","post","type-post","status-publish","format-standard","hentry","category-kurse-reise-sardinien"],"yoast_head":"<!-- This site is optimized with the Yoast SEO plugin v27.4 - https:\/\/yoast.com\/product\/yoast-seo-wordpress\/ -->\n<title>Corso di Italiano - Lektion 8- La festa de su Prugadoriu!<\/title>\n<meta name=\"description\" content=\"Italienischkurs f\u00fcr Fortgeschrittene - Lektion 8: Konjugation der regul\u00e4ren Verben mit dem gegenw\u00e4rtigen Konjugativ und die wichtigsten Verwendungen dieses verbalen Modus.\" \/>\n<meta name=\"robots\" content=\"index, follow, max-snippet:-1, max-image-preview:large, max-video-preview:-1\" \/>\n<link rel=\"canonical\" href=\"https:\/\/oneworlditaliano.com\/de\/italienischkurse\/kurse-reise-sardinien\/intermedio-lezione-8\/\" \/>\n<meta property=\"og:locale\" content=\"de_DE\" \/>\n<meta property=\"og:type\" content=\"article\" \/>\n<meta property=\"og:title\" content=\"Corso di Italiano - Lektion 8- La festa de su Prugadoriu!\" \/>\n<meta property=\"og:description\" content=\"Italienischkurs f\u00fcr Fortgeschrittene - Lektion 8: Konjugation der regul\u00e4ren Verben mit dem gegenw\u00e4rtigen Konjugativ und die wichtigsten Verwendungen dieses verbalen Modus.\" \/>\n<meta property=\"og:url\" content=\"https:\/\/oneworlditaliano.com\/de\/italienischkurse\/kurse-reise-sardinien\/intermedio-lezione-8\/\" \/>\n<meta property=\"og:site_name\" content=\"One World Italiano\" \/>\n<meta property=\"article:publisher\" content=\"https:\/\/www.facebook.com\/oneworlditaliano\/\" \/>\n<meta property=\"article:published_time\" content=\"2022-12-15T16:14:39+00:00\" \/>\n<meta property=\"article:modified_time\" content=\"2023-09-05T11:07:33+00:00\" \/>\n<meta property=\"og:image\" content=\"https:\/\/oneworlditaliano.com\/wp-content\/uploads\/2022\/09\/favicon.ico\" \/>\n<meta name=\"author\" content=\"Marta Coronas\" \/>\n<meta name=\"twitter:card\" content=\"summary_large_image\" \/>\n<meta name=\"twitter:label1\" content=\"Verfasst von\" \/>\n\t<meta name=\"twitter:data1\" content=\"Marta Coronas\" \/>\n\t<meta name=\"twitter:label2\" content=\"Gesch\u00e4tzte Lesezeit\" \/>\n\t<meta name=\"twitter:data2\" content=\"1\u00a0Minute\" \/>\n<script type=\"application\/ld+json\" class=\"yoast-schema-graph\">{\"@context\":\"https:\\\/\\\/schema.org\",\"@graph\":[{\"@type\":\"Article\",\"@id\":\"https:\\\/\\\/oneworlditaliano.com\\\/de\\\/italienischkurse\\\/kurse-reise-sardinien\\\/intermedio-lezione-8\\\/#article\",\"isPartOf\":{\"@id\":\"https:\\\/\\\/oneworlditaliano.com\\\/de\\\/italienischkurse\\\/kurse-reise-sardinien\\\/intermedio-lezione-8\\\/\"},\"author\":{\"name\":\"Marta Coronas\",\"@id\":\"https:\\\/\\\/oneworlditaliano.com\\\/de\\\/#\\\/schema\\\/person\\\/634cd6fd4686f62658dfa5c47c5e1e0f\"},\"headline\":\"Lektion 8- La festa de su Prugadoriu!\",\"datePublished\":\"2022-12-15T16:14:39+00:00\",\"dateModified\":\"2023-09-05T11:07:33+00:00\",\"mainEntityOfPage\":{\"@id\":\"https:\\\/\\\/oneworlditaliano.com\\\/de\\\/italienischkurse\\\/kurse-reise-sardinien\\\/intermedio-lezione-8\\\/\"},\"wordCount\":290,\"publisher\":{\"@id\":\"https:\\\/\\\/oneworlditaliano.com\\\/de\\\/#organization\"},\"image\":{\"@id\":\"https:\\\/\\\/oneworlditaliano.com\\\/de\\\/italienischkurse\\\/kurse-reise-sardinien\\\/intermedio-lezione-8\\\/#primaryimage\"},\"thumbnailUrl\":\"https:\\\/\\\/oneworlditaliano.com\\\/wp-content\\\/uploads\\\/2022\\\/09\\\/favicon.ico\",\"articleSection\":[\"Kurs: In viaggio per la Sardegna\"],\"inLanguage\":\"de\"},{\"@type\":\"WebPage\",\"@id\":\"https:\\\/\\\/oneworlditaliano.com\\\/de\\\/italienischkurse\\\/kurse-reise-sardinien\\\/intermedio-lezione-8\\\/\",\"url\":\"https:\\\/\\\/oneworlditaliano.com\\\/de\\\/italienischkurse\\\/kurse-reise-sardinien\\\/intermedio-lezione-8\\\/\",\"name\":\"Corso di Italiano - Lektion 8- La festa de su Prugadoriu!\",\"isPartOf\":{\"@id\":\"https:\\\/\\\/oneworlditaliano.com\\\/de\\\/#website\"},\"primaryImageOfPage\":{\"@id\":\"https:\\\/\\\/oneworlditaliano.com\\\/de\\\/italienischkurse\\\/kurse-reise-sardinien\\\/intermedio-lezione-8\\\/#primaryimage\"},\"image\":{\"@id\":\"https:\\\/\\\/oneworlditaliano.com\\\/de\\\/italienischkurse\\\/kurse-reise-sardinien\\\/intermedio-lezione-8\\\/#primaryimage\"},\"thumbnailUrl\":\"https:\\\/\\\/oneworlditaliano.com\\\/wp-content\\\/uploads\\\/2022\\\/09\\\/favicon.ico\",\"datePublished\":\"2022-12-15T16:14:39+00:00\",\"dateModified\":\"2023-09-05T11:07:33+00:00\",\"description\":\"Italienischkurs f\u00fcr Fortgeschrittene - Lektion 8: Konjugation der regul\u00e4ren Verben mit dem gegenw\u00e4rtigen Konjugativ und die wichtigsten Verwendungen dieses verbalen Modus.\",\"breadcrumb\":{\"@id\":\"https:\\\/\\\/oneworlditaliano.com\\\/de\\\/italienischkurse\\\/kurse-reise-sardinien\\\/intermedio-lezione-8\\\/#breadcrumb\"},\"inLanguage\":\"de\",\"potentialAction\":[{\"@type\":\"ReadAction\",\"target\":[\"https:\\\/\\\/oneworlditaliano.com\\\/de\\\/italienischkurse\\\/kurse-reise-sardinien\\\/intermedio-lezione-8\\\/\"]}]},{\"@type\":\"ImageObject\",\"inLanguage\":\"de\",\"@id\":\"https:\\\/\\\/oneworlditaliano.com\\\/de\\\/italienischkurse\\\/kurse-reise-sardinien\\\/intermedio-lezione-8\\\/#primaryimage\",\"url\":\"https:\\\/\\\/oneworlditaliano.com\\\/wp-content\\\/uploads\\\/2022\\\/09\\\/favicon.ico\",\"contentUrl\":\"https:\\\/\\\/oneworlditaliano.com\\\/wp-content\\\/uploads\\\/2022\\\/09\\\/favicon.ico\"},{\"@type\":\"BreadcrumbList\",\"@id\":\"https:\\\/\\\/oneworlditaliano.com\\\/de\\\/italienischkurse\\\/kurse-reise-sardinien\\\/intermedio-lezione-8\\\/#breadcrumb\",\"itemListElement\":[{\"@type\":\"ListItem\",\"position\":1,\"name\":\"Home\",\"item\":\"https:\\\/\\\/oneworlditaliano.com\\\/de\\\/\"},{\"@type\":\"ListItem\",\"position\":2,\"name\":\"Lektion 8- La festa de su Prugadoriu!\"}]},{\"@type\":\"WebSite\",\"@id\":\"https:\\\/\\\/oneworlditaliano.com\\\/de\\\/#website\",\"url\":\"https:\\\/\\\/oneworlditaliano.com\\\/de\\\/\",\"name\":\"One World Italiano\",\"description\":\"Impara italiano online\",\"publisher\":{\"@id\":\"https:\\\/\\\/oneworlditaliano.com\\\/de\\\/#organization\"},\"potentialAction\":[{\"@type\":\"SearchAction\",\"target\":{\"@type\":\"EntryPoint\",\"urlTemplate\":\"https:\\\/\\\/oneworlditaliano.com\\\/de\\\/?s={search_term_string}\"},\"query-input\":{\"@type\":\"PropertyValueSpecification\",\"valueRequired\":true,\"valueName\":\"search_term_string\"}}],\"inLanguage\":\"de\"},{\"@type\":\"Organization\",\"@id\":\"https:\\\/\\\/oneworlditaliano.com\\\/de\\\/#organization\",\"name\":\"One World Italiano\",\"alternateName\":\"One World\",\"url\":\"https:\\\/\\\/oneworlditaliano.com\\\/de\\\/\",\"logo\":{\"@type\":\"ImageObject\",\"inLanguage\":\"de\",\"@id\":\"https:\\\/\\\/oneworlditaliano.com\\\/de\\\/#\\\/schema\\\/logo\\\/image\\\/\",\"url\":\"https:\\\/\\\/oneworlditaliano.com\\\/wp-content\\\/uploads\\\/2023\\\/01\\\/One-World-Italiano.jpg\",\"contentUrl\":\"https:\\\/\\\/oneworlditaliano.com\\\/wp-content\\\/uploads\\\/2023\\\/01\\\/One-World-Italiano.jpg\",\"width\":696,\"height\":678,\"caption\":\"One World Italiano\"},\"image\":{\"@id\":\"https:\\\/\\\/oneworlditaliano.com\\\/de\\\/#\\\/schema\\\/logo\\\/image\\\/\"},\"sameAs\":[\"https:\\\/\\\/www.facebook.com\\\/oneworlditaliano\\\/\",\"https:\\\/\\\/www.youtube.com\\\/user\\\/Oneworlditaliano\"]},{\"@type\":\"Person\",\"@id\":\"https:\\\/\\\/oneworlditaliano.com\\\/de\\\/#\\\/schema\\\/person\\\/634cd6fd4686f62658dfa5c47c5e1e0f\",\"name\":\"Marta Coronas\",\"url\":\"https:\\\/\\\/oneworlditaliano.com\\\/de\\\/author\\\/marta-coronas\\\/\"}]}<\/script>\n<!-- \/ Yoast SEO plugin. -->","yoast_head_json":{"title":"Corso di Italiano - Lektion 8- La festa de su Prugadoriu!","description":"Italienischkurs f\u00fcr Fortgeschrittene - Lektion 8: Konjugation der regul\u00e4ren Verben mit dem gegenw\u00e4rtigen Konjugativ und die wichtigsten Verwendungen dieses verbalen Modus.","robots":{"index":"index","follow":"follow","max-snippet":"max-snippet:-1","max-image-preview":"max-image-preview:large","max-video-preview":"max-video-preview:-1"},"canonical":"https:\/\/oneworlditaliano.com\/de\/italienischkurse\/kurse-reise-sardinien\/intermedio-lezione-8\/","og_locale":"de_DE","og_type":"article","og_title":"Corso di Italiano - Lektion 8- La festa de su Prugadoriu!","og_description":"Italienischkurs f\u00fcr Fortgeschrittene - Lektion 8: Konjugation der regul\u00e4ren Verben mit dem gegenw\u00e4rtigen Konjugativ und die wichtigsten Verwendungen dieses verbalen Modus.","og_url":"https:\/\/oneworlditaliano.com\/de\/italienischkurse\/kurse-reise-sardinien\/intermedio-lezione-8\/","og_site_name":"One World Italiano","article_publisher":"https:\/\/www.facebook.com\/oneworlditaliano\/","article_published_time":"2022-12-15T16:14:39+00:00","article_modified_time":"2023-09-05T11:07:33+00:00","og_image":[{"url":"https:\/\/oneworlditaliano.com\/wp-content\/uploads\/2022\/09\/favicon.ico","type":"","width":"","height":""}],"author":"Marta Coronas","twitter_card":"summary_large_image","twitter_misc":{"Verfasst von":"Marta Coronas","Gesch\u00e4tzte Lesezeit":"1\u00a0Minute"},"schema":{"@context":"https:\/\/schema.org","@graph":[{"@type":"Article","@id":"https:\/\/oneworlditaliano.com\/de\/italienischkurse\/kurse-reise-sardinien\/intermedio-lezione-8\/#article","isPartOf":{"@id":"https:\/\/oneworlditaliano.com\/de\/italienischkurse\/kurse-reise-sardinien\/intermedio-lezione-8\/"},"author":{"name":"Marta Coronas","@id":"https:\/\/oneworlditaliano.com\/de\/#\/schema\/person\/634cd6fd4686f62658dfa5c47c5e1e0f"},"headline":"Lektion 8- La festa de su Prugadoriu!","datePublished":"2022-12-15T16:14:39+00:00","dateModified":"2023-09-05T11:07:33+00:00","mainEntityOfPage":{"@id":"https:\/\/oneworlditaliano.com\/de\/italienischkurse\/kurse-reise-sardinien\/intermedio-lezione-8\/"},"wordCount":290,"publisher":{"@id":"https:\/\/oneworlditaliano.com\/de\/#organization"},"image":{"@id":"https:\/\/oneworlditaliano.com\/de\/italienischkurse\/kurse-reise-sardinien\/intermedio-lezione-8\/#primaryimage"},"thumbnailUrl":"https:\/\/oneworlditaliano.com\/wp-content\/uploads\/2022\/09\/favicon.ico","articleSection":["Kurs: In viaggio per la Sardegna"],"inLanguage":"de"},{"@type":"WebPage","@id":"https:\/\/oneworlditaliano.com\/de\/italienischkurse\/kurse-reise-sardinien\/intermedio-lezione-8\/","url":"https:\/\/oneworlditaliano.com\/de\/italienischkurse\/kurse-reise-sardinien\/intermedio-lezione-8\/","name":"Corso di Italiano - Lektion 8- La festa de su Prugadoriu!","isPartOf":{"@id":"https:\/\/oneworlditaliano.com\/de\/#website"},"primaryImageOfPage":{"@id":"https:\/\/oneworlditaliano.com\/de\/italienischkurse\/kurse-reise-sardinien\/intermedio-lezione-8\/#primaryimage"},"image":{"@id":"https:\/\/oneworlditaliano.com\/de\/italienischkurse\/kurse-reise-sardinien\/intermedio-lezione-8\/#primaryimage"},"thumbnailUrl":"https:\/\/oneworlditaliano.com\/wp-content\/uploads\/2022\/09\/favicon.ico","datePublished":"2022-12-15T16:14:39+00:00","dateModified":"2023-09-05T11:07:33+00:00","description":"Italienischkurs f\u00fcr Fortgeschrittene - Lektion 8: Konjugation der regul\u00e4ren Verben mit dem gegenw\u00e4rtigen Konjugativ und die wichtigsten Verwendungen dieses verbalen Modus.","breadcrumb":{"@id":"https:\/\/oneworlditaliano.com\/de\/italienischkurse\/kurse-reise-sardinien\/intermedio-lezione-8\/#breadcrumb"},"inLanguage":"de","potentialAction":[{"@type":"ReadAction","target":["https:\/\/oneworlditaliano.com\/de\/italienischkurse\/kurse-reise-sardinien\/intermedio-lezione-8\/"]}]},{"@type":"ImageObject","inLanguage":"de","@id":"https:\/\/oneworlditaliano.com\/de\/italienischkurse\/kurse-reise-sardinien\/intermedio-lezione-8\/#primaryimage","url":"https:\/\/oneworlditaliano.com\/wp-content\/uploads\/2022\/09\/favicon.ico","contentUrl":"https:\/\/oneworlditaliano.com\/wp-content\/uploads\/2022\/09\/favicon.ico"},{"@type":"BreadcrumbList","@id":"https:\/\/oneworlditaliano.com\/de\/italienischkurse\/kurse-reise-sardinien\/intermedio-lezione-8\/#breadcrumb","itemListElement":[{"@type":"ListItem","position":1,"name":"Home","item":"https:\/\/oneworlditaliano.com\/de\/"},{"@type":"ListItem","position":2,"name":"Lektion 8- La festa de su Prugadoriu!"}]},{"@type":"WebSite","@id":"https:\/\/oneworlditaliano.com\/de\/#website","url":"https:\/\/oneworlditaliano.com\/de\/","name":"One World Italiano","description":"Impara italiano online","publisher":{"@id":"https:\/\/oneworlditaliano.com\/de\/#organization"},"potentialAction":[{"@type":"SearchAction","target":{"@type":"EntryPoint","urlTemplate":"https:\/\/oneworlditaliano.com\/de\/?s={search_term_string}"},"query-input":{"@type":"PropertyValueSpecification","valueRequired":true,"valueName":"search_term_string"}}],"inLanguage":"de"},{"@type":"Organization","@id":"https:\/\/oneworlditaliano.com\/de\/#organization","name":"One World Italiano","alternateName":"One World","url":"https:\/\/oneworlditaliano.com\/de\/","logo":{"@type":"ImageObject","inLanguage":"de","@id":"https:\/\/oneworlditaliano.com\/de\/#\/schema\/logo\/image\/","url":"https:\/\/oneworlditaliano.com\/wp-content\/uploads\/2023\/01\/One-World-Italiano.jpg","contentUrl":"https:\/\/oneworlditaliano.com\/wp-content\/uploads\/2023\/01\/One-World-Italiano.jpg","width":696,"height":678,"caption":"One World Italiano"},"image":{"@id":"https:\/\/oneworlditaliano.com\/de\/#\/schema\/logo\/image\/"},"sameAs":["https:\/\/www.facebook.com\/oneworlditaliano\/","https:\/\/www.youtube.com\/user\/Oneworlditaliano"]},{"@type":"Person","@id":"https:\/\/oneworlditaliano.com\/de\/#\/schema\/person\/634cd6fd4686f62658dfa5c47c5e1e0f","name":"Marta Coronas","url":"https:\/\/oneworlditaliano.com\/de\/author\/marta-coronas\/"}]}},"_links":{"self":[{"href":"https:\/\/oneworlditaliano.com\/de\/wp-json\/wp\/v2\/posts\/17956","targetHints":{"allow":["GET"]}}],"collection":[{"href":"https:\/\/oneworlditaliano.com\/de\/wp-json\/wp\/v2\/posts"}],"about":[{"href":"https:\/\/oneworlditaliano.com\/de\/wp-json\/wp\/v2\/types\/post"}],"author":[{"embeddable":true,"href":"https:\/\/oneworlditaliano.com\/de\/wp-json\/wp\/v2\/users\/4"}],"replies":[{"embeddable":true,"href":"https:\/\/oneworlditaliano.com\/de\/wp-json\/wp\/v2\/comments?post=17956"}],"version-history":[{"count":3,"href":"https:\/\/oneworlditaliano.com\/de\/wp-json\/wp\/v2\/posts\/17956\/revisions"}],"predecessor-version":[{"id":17959,"href":"https:\/\/oneworlditaliano.com\/de\/wp-json\/wp\/v2\/posts\/17956\/revisions\/17959"}],"wp:attachment":[{"href":"https:\/\/oneworlditaliano.com\/de\/wp-json\/wp\/v2\/media?parent=17956"}],"wp:term":[{"taxonomy":"category","embeddable":true,"href":"https:\/\/oneworlditaliano.com\/de\/wp-json\/wp\/v2\/categories?post=17956"},{"taxonomy":"post_tag","embeddable":true,"href":"https:\/\/oneworlditaliano.com\/de\/wp-json\/wp\/v2\/tags?post=17956"}],"curies":[{"name":"wp","href":"https:\/\/api.w.org\/{rel}","templated":true}]}}