{"id":21054,"date":"2025-12-20T18:03:48","date_gmt":"2025-12-20T17:03:48","guid":{"rendered":"https:\/\/oneworlditaliano.com\/non-categorizzato\/il-canto-a-tenore-sardo-storia-magia-e-voce-della-terra\/"},"modified":"2026-01-02T11:56:47","modified_gmt":"2026-01-02T10:56:47","slug":"sardinian-canto-a-tenore-history-magic-and-the-voice-of-the-land","status":"publish","type":"post","link":"https:\/\/oneworlditaliano.com\/en\/carla-s-blog\/sardinian-canto-a-tenore-history-magic-and-the-voice-of-the-land\/","title":{"rendered":"Sardinian Canto a Tenore: History, Magic, and the Voice of the Land"},"content":{"rendered":"<p><span style=\"font-size: 21px;\"><strong>Il canto a tenore sardo: storia, magia e voce della terra<\/strong><\/span><\/p>\n<p>La Sardegna \u00e8 un\u2019isola ricca di tradizioni antiche: feste, danze, maschere, sapori\u2026 e soprattutto: \u201c<strong>il canto a tenore<\/strong>\u201d, il canto a pi\u00f9 voci che sembra nascere direttamente dalla terra.<br \/>\n\u00c8 una musica che n<strong>on ha bisogno di strumenti<\/strong>: bastano le voci, il respiro e un forte legame con la natura. In questo articolo ti porto alla scoperta del canto a tenore sardo, un patrimonio culturale unico, <a href=\"https:\/\/unesco.cultura.gov.it\/projects\/canto-a-tenore-sardinian-pastoral-songs\/\"><strong>riconosciuto dall\u2019UNESCO<\/strong><\/a> come Capolavoro del Patrimonio Orale e Immateriale dell\u2019Umanit\u00e0.<\/p>\n<h3>Un canto antichissimo<\/h3>\n<p>Il canto a tenore ha <strong>origini molto lontane<\/strong>, cos\u00ec antiche che \u00e8 difficile trovare una data precisa. Alcuni studiosi pensano che derivi dai suoni della natura e degli animali, come il vento tra gli alberi o il muggito dei bovini.<\/p>\n<p>Il canto \u00e8 <strong>nato nelle zone interne della Sardegna<\/strong>, soprattutto tra i pastori. Dopo ore passate nei pascoli, in silenzio, a contatto con la terra, i pastori usavano la voce per comunicare, raccontare storie e sentirsi parte di una comunit\u00e0.<\/p>\n<p>Non \u00e8 un canto \u201cda palco\u201d, ma un canto da piazza, da casa, da stalla: un canto vissuto, spontaneo, vero.<\/p>\n<h3>Come funziona il canto a tenore<\/h3>\n<p>Il canto a tenore \u00e8 <strong>un canto polifonico<\/strong>, cio\u00e8 a pi\u00f9 voci.<br \/>\nIl gruppo \u00e8 formato da quattro cantori, ognuno con un ruolo diverso:<\/p>\n<blockquote><p><strong>Sa boghe<\/strong> \u2013 la voce principale, quella che inizia e guida il canto.<\/p><\/blockquote>\n<blockquote><p><strong>Su bassu<\/strong> \u2013 la voce grave, profonda, che vibra come la terra.<\/p><\/blockquote>\n<blockquote><p><strong>Sa contra<\/strong> \u2013 una voce gutturale che crea il ritmo.<\/p><\/blockquote>\n<blockquote><p><strong>Sa mesa boghe<\/strong> \u2013 una voce pi\u00f9 alta che completa l\u2019armonia.<\/p><\/blockquote>\n<p>Quando queste voci si uniscono, il risultato \u00e8 sorprendente: sembra un <strong>suono antico<\/strong>, quasi primitivo, ma allo stesso tempo <strong>incredibilmente armonioso<\/strong>.<br \/>\nMolti lo descrivono come \u201cuna musica che si sente con il corpo, non solo con le orecchie\u201d.<\/p>\n<h3>Il legame con la pastorizia<\/h3>\n<p>Il canto a tenore \u00e8 <strong>profondamente legato al mondo agro-pastorale<\/strong>.<br \/>\nNasce nei paesi dell\u2019entroterra, dove la vita era scandita dai ritmi della natura: l\u2019alba, il pascolo, la mungitura, il tramonto.<\/p>\n<p>I pastori, spesso soli per molte ore, imitavano i suoni del loro ambiente, infatti alcune parti del canto ricordano il rumore del vento o i versi degli animali.<\/p>\n<p>Cantare insieme diventava un modo per condividere il tempo, per raccontare storie e per <strong>mantenere vivi i legami tra le persone<\/strong>.<\/p>\n<h3>La magia di un canto che unisce<\/h3>\n<p>Ascoltare un canto a tenore dal vivo \u00e8 un\u2019esperienza speciale.<br \/>\nLe voci circondano chi ascolta, creano vibrazioni che sembrano muovere l\u2019aria. Non c\u2019\u00e8 fretta, non c\u2019\u00e8 rumore moderno: solo la forza delle voci e del gruppo.<\/p>\n<p>\u00c8 una musica collettiva: <strong>nessuno \u00e8 protagonista, ognuno \u00e8 necessario<\/strong>.<\/p>\n<p>E forse \u00e8 proprio questo il suo segreto: il canto a tenore non \u00e8 fatto per \u201capparire\u201d, ma per stare insieme, per sentirsi parte di una comunit\u00e0.<\/p>\n<h3>Dalla Sardegna al mondo<\/h3>\n<p>Nel 2005 il canto a tenore \u00e8 stato riconosciuto dall\u2019UNESCO come <strong>Patrimonio Culturale Immateriale dell\u2019Umanit\u00e0<\/strong>.<br \/>\nDa quel momento, cori e gruppi sardi hanno portato questa tradizione in tutto il mondo: festival, concerti, incontri culturali.<\/p>\n<p>Eppure, nonostante il successo internazionale, il cuore del canto a tenore rimane <strong>nei piccoli paesi sardi<\/strong>, nelle piazze illuminate dalle feste, nelle case dove ancora si canta dopo cena, senza microfoni e senza scenografie.<\/p>\n<p>Se non hai mai ascoltato un canto a tenore, ti consiglio di farlo.<br \/>\nChiudendo gli occhi potrai sentire tutta la forma e <strong>l\u2019anima antica della Sardegna<\/strong>.<\/p>\n<p>&nbsp;<\/p>\n<hr \/>\n<h3 style=\"text-align: center;\">\ud83c\udf1f <strong data-start=\"66\" data-end=\"84\">Live Sessions!<\/strong> \ud83c\udf1f<\/h3>\n<p style=\"text-align: center;\"><span style=\"font-size: 18px;\">To talk together about all the blog articles, don\u2019t miss the <strong>live sessions<\/strong> with me, Carla!<\/span><\/p>\n<p style=\"text-align: center;\"><span style=\"font-size: 18px;\">To join the live sessions and get access to many other exclusive contents, you can subscribe to the <a href=\"https:\/\/www.oneworldonlineschool.com\/bundles\/one-world-italiano-club-english\" target=\"_blank\" rel=\"noopener\">One World Italiano Club<\/a>.<\/span><\/p>\n<hr \/>\n<p>&nbsp;<\/p>\n","protected":false},"excerpt":{"rendered":"<p>Il canto a tenore sardo: storia, magia e voce della terra La Sardegna \u00e8 un\u2019isola ricca di tradizioni antiche: feste, danze, maschere, sapori\u2026 e soprattutto: \u201cil canto a tenore\u201d, il canto a pi\u00f9 voci che sembra nascere direttamente dalla terra. \u00c8 una musica che non ha bisogno di strumenti: bastano le voci, il respiro e un forte legame con la [&hellip;]<\/p>\n","protected":false},"author":2,"featured_media":20949,"comment_status":"closed","ping_status":"closed","sticky":false,"template":"","format":"standard","meta":{"footnotes":""},"categories":[624],"tags":[486],"class_list":["post-21054","post","type-post","status-publish","format-standard","has-post-thumbnail","hentry","category-carla-s-blog","tag-intermediate-level-b1-b2"],"yoast_head":"<!-- This site is optimized with the Yoast SEO plugin v27.4 - https:\/\/yoast.com\/product\/yoast-seo-wordpress\/ -->\n<title>Sardinian Canto a Tenore: History, Magic, and the Voice of the Land - One World Italiano<\/title>\n<meta name=\"description\" content=\"Discover Sardinian canto a tenore: an ancient tradition of history, magic, and deep voices, a cultural heritage of Sardinia.\" \/>\n<meta name=\"robots\" content=\"index, follow, max-snippet:-1, max-image-preview:large, max-video-preview:-1\" \/>\n<link rel=\"canonical\" href=\"https:\/\/oneworlditaliano.com\/en\/carla-s-blog\/sardinian-canto-a-tenore-history-magic-and-the-voice-of-the-land\/\" \/>\n<meta property=\"og:locale\" content=\"en_US\" \/>\n<meta property=\"og:type\" content=\"article\" \/>\n<meta property=\"og:title\" content=\"Sardinian Canto a Tenore: History, Magic, and the Voice of the Land - One World Italiano\" \/>\n<meta property=\"og:description\" content=\"Discover Sardinian canto a tenore: an ancient tradition of history, magic, and deep voices, a cultural heritage of Sardinia.\" \/>\n<meta property=\"og:url\" content=\"https:\/\/oneworlditaliano.com\/en\/carla-s-blog\/sardinian-canto-a-tenore-history-magic-and-the-voice-of-the-land\/\" \/>\n<meta property=\"og:site_name\" content=\"One World Italiano\" \/>\n<meta property=\"article:publisher\" content=\"https:\/\/www.facebook.com\/oneworlditaliano\/\" \/>\n<meta property=\"article:published_time\" content=\"2025-12-20T17:03:48+00:00\" \/>\n<meta property=\"article:modified_time\" content=\"2026-01-02T10:56:47+00:00\" \/>\n<meta property=\"og:image\" content=\"https:\/\/oneworlditaliano.com\/wp-content\/uploads\/2025\/12\/IMG_0369.jpeg\" \/>\n\t<meta property=\"og:image:width\" content=\"2000\" \/>\n\t<meta property=\"og:image:height\" content=\"1333\" \/>\n\t<meta property=\"og:image:type\" content=\"image\/jpeg\" \/>\n<meta name=\"author\" content=\"scuola22\" \/>\n<meta name=\"twitter:card\" content=\"summary_large_image\" \/>\n<meta name=\"twitter:label1\" content=\"Written by\" \/>\n\t<meta name=\"twitter:data1\" content=\"scuola22\" \/>\n\t<meta name=\"twitter:label2\" content=\"Est. reading time\" \/>\n\t<meta name=\"twitter:data2\" content=\"4 minutes\" \/>\n<script type=\"application\/ld+json\" class=\"yoast-schema-graph\">{\"@context\":\"https:\\\/\\\/schema.org\",\"@graph\":[{\"@type\":\"Article\",\"@id\":\"https:\\\/\\\/oneworlditaliano.com\\\/en\\\/carla-s-blog\\\/sardinian-canto-a-tenore-history-magic-and-the-voice-of-the-land\\\/#article\",\"isPartOf\":{\"@id\":\"https:\\\/\\\/oneworlditaliano.com\\\/en\\\/carla-s-blog\\\/sardinian-canto-a-tenore-history-magic-and-the-voice-of-the-land\\\/\"},\"author\":{\"name\":\"scuola22\",\"@id\":\"https:\\\/\\\/oneworlditaliano.com\\\/en\\\/#\\\/schema\\\/person\\\/b2e4423af48cec62464da61038abf046\"},\"headline\":\"Sardinian Canto a Tenore: History, Magic, and the Voice of the Land\",\"datePublished\":\"2025-12-20T17:03:48+00:00\",\"dateModified\":\"2026-01-02T10:56:47+00:00\",\"mainEntityOfPage\":{\"@id\":\"https:\\\/\\\/oneworlditaliano.com\\\/en\\\/carla-s-blog\\\/sardinian-canto-a-tenore-history-magic-and-the-voice-of-the-land\\\/\"},\"wordCount\":611,\"publisher\":{\"@id\":\"https:\\\/\\\/oneworlditaliano.com\\\/en\\\/#organization\"},\"image\":{\"@id\":\"https:\\\/\\\/oneworlditaliano.com\\\/en\\\/carla-s-blog\\\/sardinian-canto-a-tenore-history-magic-and-the-voice-of-the-land\\\/#primaryimage\"},\"thumbnailUrl\":\"https:\\\/\\\/oneworlditaliano.com\\\/wp-content\\\/uploads\\\/2025\\\/12\\\/IMG_0369.jpeg\",\"keywords\":[\"Intermediate level - B1\\\/B2\"],\"articleSection\":[\"Carla\u2019s blog\"],\"inLanguage\":\"en-US\"},{\"@type\":\"WebPage\",\"@id\":\"https:\\\/\\\/oneworlditaliano.com\\\/en\\\/carla-s-blog\\\/sardinian-canto-a-tenore-history-magic-and-the-voice-of-the-land\\\/\",\"url\":\"https:\\\/\\\/oneworlditaliano.com\\\/en\\\/carla-s-blog\\\/sardinian-canto-a-tenore-history-magic-and-the-voice-of-the-land\\\/\",\"name\":\"Sardinian Canto a Tenore: History, Magic, and the Voice of the Land - One World Italiano\",\"isPartOf\":{\"@id\":\"https:\\\/\\\/oneworlditaliano.com\\\/en\\\/#website\"},\"primaryImageOfPage\":{\"@id\":\"https:\\\/\\\/oneworlditaliano.com\\\/en\\\/carla-s-blog\\\/sardinian-canto-a-tenore-history-magic-and-the-voice-of-the-land\\\/#primaryimage\"},\"image\":{\"@id\":\"https:\\\/\\\/oneworlditaliano.com\\\/en\\\/carla-s-blog\\\/sardinian-canto-a-tenore-history-magic-and-the-voice-of-the-land\\\/#primaryimage\"},\"thumbnailUrl\":\"https:\\\/\\\/oneworlditaliano.com\\\/wp-content\\\/uploads\\\/2025\\\/12\\\/IMG_0369.jpeg\",\"datePublished\":\"2025-12-20T17:03:48+00:00\",\"dateModified\":\"2026-01-02T10:56:47+00:00\",\"description\":\"Discover Sardinian canto a tenore: an ancient tradition of history, magic, and deep voices, a cultural heritage of Sardinia.\",\"breadcrumb\":{\"@id\":\"https:\\\/\\\/oneworlditaliano.com\\\/en\\\/carla-s-blog\\\/sardinian-canto-a-tenore-history-magic-and-the-voice-of-the-land\\\/#breadcrumb\"},\"inLanguage\":\"en-US\",\"potentialAction\":[{\"@type\":\"ReadAction\",\"target\":[\"https:\\\/\\\/oneworlditaliano.com\\\/en\\\/carla-s-blog\\\/sardinian-canto-a-tenore-history-magic-and-the-voice-of-the-land\\\/\"]}]},{\"@type\":\"ImageObject\",\"inLanguage\":\"en-US\",\"@id\":\"https:\\\/\\\/oneworlditaliano.com\\\/en\\\/carla-s-blog\\\/sardinian-canto-a-tenore-history-magic-and-the-voice-of-the-land\\\/#primaryimage\",\"url\":\"https:\\\/\\\/oneworlditaliano.com\\\/wp-content\\\/uploads\\\/2025\\\/12\\\/IMG_0369.jpeg\",\"contentUrl\":\"https:\\\/\\\/oneworlditaliano.com\\\/wp-content\\\/uploads\\\/2025\\\/12\\\/IMG_0369.jpeg\",\"width\":2000,\"height\":1333},{\"@type\":\"BreadcrumbList\",\"@id\":\"https:\\\/\\\/oneworlditaliano.com\\\/en\\\/carla-s-blog\\\/sardinian-canto-a-tenore-history-magic-and-the-voice-of-the-land\\\/#breadcrumb\",\"itemListElement\":[{\"@type\":\"ListItem\",\"position\":1,\"name\":\"Home\",\"item\":\"https:\\\/\\\/oneworlditaliano.com\\\/en\\\/\"},{\"@type\":\"ListItem\",\"position\":2,\"name\":\"Sardinian Canto a Tenore: History, Magic, and the Voice of the Land\"}]},{\"@type\":\"WebSite\",\"@id\":\"https:\\\/\\\/oneworlditaliano.com\\\/en\\\/#website\",\"url\":\"https:\\\/\\\/oneworlditaliano.com\\\/en\\\/\",\"name\":\"One World Italiano\",\"description\":\"Impara italiano online\",\"publisher\":{\"@id\":\"https:\\\/\\\/oneworlditaliano.com\\\/en\\\/#organization\"},\"potentialAction\":[{\"@type\":\"SearchAction\",\"target\":{\"@type\":\"EntryPoint\",\"urlTemplate\":\"https:\\\/\\\/oneworlditaliano.com\\\/en\\\/?s={search_term_string}\"},\"query-input\":{\"@type\":\"PropertyValueSpecification\",\"valueRequired\":true,\"valueName\":\"search_term_string\"}}],\"inLanguage\":\"en-US\"},{\"@type\":\"Organization\",\"@id\":\"https:\\\/\\\/oneworlditaliano.com\\\/en\\\/#organization\",\"name\":\"One World Italiano\",\"alternateName\":\"One World\",\"url\":\"https:\\\/\\\/oneworlditaliano.com\\\/en\\\/\",\"logo\":{\"@type\":\"ImageObject\",\"inLanguage\":\"en-US\",\"@id\":\"https:\\\/\\\/oneworlditaliano.com\\\/en\\\/#\\\/schema\\\/logo\\\/image\\\/\",\"url\":\"https:\\\/\\\/oneworlditaliano.com\\\/wp-content\\\/uploads\\\/2023\\\/01\\\/One-World-Italiano.jpg\",\"contentUrl\":\"https:\\\/\\\/oneworlditaliano.com\\\/wp-content\\\/uploads\\\/2023\\\/01\\\/One-World-Italiano.jpg\",\"width\":696,\"height\":678,\"caption\":\"One World Italiano\"},\"image\":{\"@id\":\"https:\\\/\\\/oneworlditaliano.com\\\/en\\\/#\\\/schema\\\/logo\\\/image\\\/\"},\"sameAs\":[\"https:\\\/\\\/www.facebook.com\\\/oneworlditaliano\\\/\",\"https:\\\/\\\/www.youtube.com\\\/user\\\/Oneworlditaliano\"]},{\"@type\":\"Person\",\"@id\":\"https:\\\/\\\/oneworlditaliano.com\\\/en\\\/#\\\/schema\\\/person\\\/b2e4423af48cec62464da61038abf046\",\"name\":\"scuola22\",\"url\":\"https:\\\/\\\/oneworlditaliano.com\\\/en\\\/author\\\/scuola22\\\/\"}]}<\/script>\n<!-- \/ Yoast SEO plugin. -->","yoast_head_json":{"title":"Sardinian Canto a Tenore: History, Magic, and the Voice of the Land - One World Italiano","description":"Discover Sardinian canto a tenore: an ancient tradition of history, magic, and deep voices, a cultural heritage of Sardinia.","robots":{"index":"index","follow":"follow","max-snippet":"max-snippet:-1","max-image-preview":"max-image-preview:large","max-video-preview":"max-video-preview:-1"},"canonical":"https:\/\/oneworlditaliano.com\/en\/carla-s-blog\/sardinian-canto-a-tenore-history-magic-and-the-voice-of-the-land\/","og_locale":"en_US","og_type":"article","og_title":"Sardinian Canto a Tenore: History, Magic, and the Voice of the Land - One World Italiano","og_description":"Discover Sardinian canto a tenore: an ancient tradition of history, magic, and deep voices, a cultural heritage of Sardinia.","og_url":"https:\/\/oneworlditaliano.com\/en\/carla-s-blog\/sardinian-canto-a-tenore-history-magic-and-the-voice-of-the-land\/","og_site_name":"One World Italiano","article_publisher":"https:\/\/www.facebook.com\/oneworlditaliano\/","article_published_time":"2025-12-20T17:03:48+00:00","article_modified_time":"2026-01-02T10:56:47+00:00","og_image":[{"width":2000,"height":1333,"url":"https:\/\/oneworlditaliano.com\/wp-content\/uploads\/2025\/12\/IMG_0369.jpeg","type":"image\/jpeg"}],"author":"scuola22","twitter_card":"summary_large_image","twitter_misc":{"Written by":"scuola22","Est. reading time":"4 minutes"},"schema":{"@context":"https:\/\/schema.org","@graph":[{"@type":"Article","@id":"https:\/\/oneworlditaliano.com\/en\/carla-s-blog\/sardinian-canto-a-tenore-history-magic-and-the-voice-of-the-land\/#article","isPartOf":{"@id":"https:\/\/oneworlditaliano.com\/en\/carla-s-blog\/sardinian-canto-a-tenore-history-magic-and-the-voice-of-the-land\/"},"author":{"name":"scuola22","@id":"https:\/\/oneworlditaliano.com\/en\/#\/schema\/person\/b2e4423af48cec62464da61038abf046"},"headline":"Sardinian Canto a Tenore: History, Magic, and the Voice of the Land","datePublished":"2025-12-20T17:03:48+00:00","dateModified":"2026-01-02T10:56:47+00:00","mainEntityOfPage":{"@id":"https:\/\/oneworlditaliano.com\/en\/carla-s-blog\/sardinian-canto-a-tenore-history-magic-and-the-voice-of-the-land\/"},"wordCount":611,"publisher":{"@id":"https:\/\/oneworlditaliano.com\/en\/#organization"},"image":{"@id":"https:\/\/oneworlditaliano.com\/en\/carla-s-blog\/sardinian-canto-a-tenore-history-magic-and-the-voice-of-the-land\/#primaryimage"},"thumbnailUrl":"https:\/\/oneworlditaliano.com\/wp-content\/uploads\/2025\/12\/IMG_0369.jpeg","keywords":["Intermediate level - B1\/B2"],"articleSection":["Carla\u2019s blog"],"inLanguage":"en-US"},{"@type":"WebPage","@id":"https:\/\/oneworlditaliano.com\/en\/carla-s-blog\/sardinian-canto-a-tenore-history-magic-and-the-voice-of-the-land\/","url":"https:\/\/oneworlditaliano.com\/en\/carla-s-blog\/sardinian-canto-a-tenore-history-magic-and-the-voice-of-the-land\/","name":"Sardinian Canto a Tenore: History, Magic, and the Voice of the Land - One World Italiano","isPartOf":{"@id":"https:\/\/oneworlditaliano.com\/en\/#website"},"primaryImageOfPage":{"@id":"https:\/\/oneworlditaliano.com\/en\/carla-s-blog\/sardinian-canto-a-tenore-history-magic-and-the-voice-of-the-land\/#primaryimage"},"image":{"@id":"https:\/\/oneworlditaliano.com\/en\/carla-s-blog\/sardinian-canto-a-tenore-history-magic-and-the-voice-of-the-land\/#primaryimage"},"thumbnailUrl":"https:\/\/oneworlditaliano.com\/wp-content\/uploads\/2025\/12\/IMG_0369.jpeg","datePublished":"2025-12-20T17:03:48+00:00","dateModified":"2026-01-02T10:56:47+00:00","description":"Discover Sardinian canto a tenore: an ancient tradition of history, magic, and deep voices, a cultural heritage of Sardinia.","breadcrumb":{"@id":"https:\/\/oneworlditaliano.com\/en\/carla-s-blog\/sardinian-canto-a-tenore-history-magic-and-the-voice-of-the-land\/#breadcrumb"},"inLanguage":"en-US","potentialAction":[{"@type":"ReadAction","target":["https:\/\/oneworlditaliano.com\/en\/carla-s-blog\/sardinian-canto-a-tenore-history-magic-and-the-voice-of-the-land\/"]}]},{"@type":"ImageObject","inLanguage":"en-US","@id":"https:\/\/oneworlditaliano.com\/en\/carla-s-blog\/sardinian-canto-a-tenore-history-magic-and-the-voice-of-the-land\/#primaryimage","url":"https:\/\/oneworlditaliano.com\/wp-content\/uploads\/2025\/12\/IMG_0369.jpeg","contentUrl":"https:\/\/oneworlditaliano.com\/wp-content\/uploads\/2025\/12\/IMG_0369.jpeg","width":2000,"height":1333},{"@type":"BreadcrumbList","@id":"https:\/\/oneworlditaliano.com\/en\/carla-s-blog\/sardinian-canto-a-tenore-history-magic-and-the-voice-of-the-land\/#breadcrumb","itemListElement":[{"@type":"ListItem","position":1,"name":"Home","item":"https:\/\/oneworlditaliano.com\/en\/"},{"@type":"ListItem","position":2,"name":"Sardinian Canto a Tenore: History, Magic, and the Voice of the Land"}]},{"@type":"WebSite","@id":"https:\/\/oneworlditaliano.com\/en\/#website","url":"https:\/\/oneworlditaliano.com\/en\/","name":"One World Italiano","description":"Impara italiano online","publisher":{"@id":"https:\/\/oneworlditaliano.com\/en\/#organization"},"potentialAction":[{"@type":"SearchAction","target":{"@type":"EntryPoint","urlTemplate":"https:\/\/oneworlditaliano.com\/en\/?s={search_term_string}"},"query-input":{"@type":"PropertyValueSpecification","valueRequired":true,"valueName":"search_term_string"}}],"inLanguage":"en-US"},{"@type":"Organization","@id":"https:\/\/oneworlditaliano.com\/en\/#organization","name":"One World Italiano","alternateName":"One World","url":"https:\/\/oneworlditaliano.com\/en\/","logo":{"@type":"ImageObject","inLanguage":"en-US","@id":"https:\/\/oneworlditaliano.com\/en\/#\/schema\/logo\/image\/","url":"https:\/\/oneworlditaliano.com\/wp-content\/uploads\/2023\/01\/One-World-Italiano.jpg","contentUrl":"https:\/\/oneworlditaliano.com\/wp-content\/uploads\/2023\/01\/One-World-Italiano.jpg","width":696,"height":678,"caption":"One World Italiano"},"image":{"@id":"https:\/\/oneworlditaliano.com\/en\/#\/schema\/logo\/image\/"},"sameAs":["https:\/\/www.facebook.com\/oneworlditaliano\/","https:\/\/www.youtube.com\/user\/Oneworlditaliano"]},{"@type":"Person","@id":"https:\/\/oneworlditaliano.com\/en\/#\/schema\/person\/b2e4423af48cec62464da61038abf046","name":"scuola22","url":"https:\/\/oneworlditaliano.com\/en\/author\/scuola22\/"}]}},"_links":{"self":[{"href":"https:\/\/oneworlditaliano.com\/en\/wp-json\/wp\/v2\/posts\/21054","targetHints":{"allow":["GET"]}}],"collection":[{"href":"https:\/\/oneworlditaliano.com\/en\/wp-json\/wp\/v2\/posts"}],"about":[{"href":"https:\/\/oneworlditaliano.com\/en\/wp-json\/wp\/v2\/types\/post"}],"author":[{"embeddable":true,"href":"https:\/\/oneworlditaliano.com\/en\/wp-json\/wp\/v2\/users\/2"}],"replies":[{"embeddable":true,"href":"https:\/\/oneworlditaliano.com\/en\/wp-json\/wp\/v2\/comments?post=21054"}],"version-history":[{"count":4,"href":"https:\/\/oneworlditaliano.com\/en\/wp-json\/wp\/v2\/posts\/21054\/revisions"}],"predecessor-version":[{"id":21071,"href":"https:\/\/oneworlditaliano.com\/en\/wp-json\/wp\/v2\/posts\/21054\/revisions\/21071"}],"wp:featuredmedia":[{"embeddable":true,"href":"https:\/\/oneworlditaliano.com\/en\/wp-json\/wp\/v2\/media\/20949"}],"wp:attachment":[{"href":"https:\/\/oneworlditaliano.com\/en\/wp-json\/wp\/v2\/media?parent=21054"}],"wp:term":[{"taxonomy":"category","embeddable":true,"href":"https:\/\/oneworlditaliano.com\/en\/wp-json\/wp\/v2\/categories?post=21054"},{"taxonomy":"post_tag","embeddable":true,"href":"https:\/\/oneworlditaliano.com\/en\/wp-json\/wp\/v2\/tags?post=21054"}],"curies":[{"name":"wp","href":"https:\/\/api.w.org\/{rel}","templated":true}]}}