{"id":18032,"date":"2022-09-29T13:56:16","date_gmt":"2022-09-29T11:56:16","guid":{"rendered":"https:\/\/oneworlditaliano.com\/non-classifiee\/intermedio-lezione-11\/"},"modified":"2023-09-07T12:08:49","modified_gmt":"2023-09-07T10:08:49","slug":"intermedio-lezione-11","status":"publish","type":"post","link":"https:\/\/oneworlditaliano.com\/fr\/cours-italien\/cours-voyager-sardaigne\/intermedio-lezione-11\/","title":{"rendered":"le\u00e7on 11 &#8211; Viva Sant\u2019Efisio!"},"content":{"rendered":"<h3>1) \u00c9coutez le dialogue suivant\u00a0:<\/h3>\n<blockquote>\n<h5>VIVA SANT\u2019EFISIO!<\/h5>\n<p><strong>Alice:<\/strong>\u00a0Ah peccato! Se avessi prenotato prima saremmo andati sul palco della festa di Sant\u2019Efisio<br \/>\n<strong>Laura:<\/strong>\u00a0La festa di Sant\u2019Efisio e quando la fanno?<br \/>\n<strong>Alice:<\/strong>\u00a0Il primo Maggio a Cagliari, ma in passato penso la\u00a0facessero\u00a0un po\u2019 prima.<br \/>\n<strong>Laura:<\/strong>\u00a0Ma sul serio?<br \/>\n<strong>Alice:\u00a0<\/strong>Oltre ad essere tra le pi\u00f9 antiche, \u00e8 anche la pi\u00f9 lunga processione religiosa italiana, 65 km percorsi a piedi in 4 giorni!!<br \/>\n<strong>Laura:<\/strong>\u00a0Davvero!!<br \/>\n<strong>Alice:\u00a0<\/strong>Un tempo credo\u00a0venissero\u00a0un po\u2019 da tutta la Sardegna, percorrendo strade a volte anche un po\u2019 pericolose!! Con questa processione si festeggia Sant\u2019Efisio, che liber\u00f2 dalla peste nel 1600 la citt\u00e0 di Cagliari e l\u2019isola intera.<\/p><\/blockquote>\n<audio class=\"wp-audio-shortcode\" id=\"audio-18032-1\" preload=\"none\" style=\"width: 100%;\" controls=\"controls\"><source type=\"audio\/mpeg\" src=\"https:\/\/oneworlditaliano.com\/wp-content\/uploads\/2022\/08\/viva_sant_Efisio.mp3?_=1\" \/><a href=\"https:\/\/oneworlditaliano.com\/wp-content\/uploads\/2022\/08\/viva_sant_Efisio.mp3\">https:\/\/oneworlditaliano.com\/wp-content\/uploads\/2022\/08\/viva_sant_Efisio.mp3<\/a><\/audio>\n<h3>2) Subjonctif imparfait (Congiuntivo imperfetto).<\/h3>\n<p><span style=\"font-size: 12pt;\">Observez la conjugaison des verbes r\u00e9guliers au <strong>subjonctif imparfait<\/strong> et les principales utilisations de ce mode verbal.<\/span><\/p>\n<table style=\"width: 100%;\" border=\"1\" width=\"100%\" align=\"center\">\n<tbody>\n<tr>\n<td style=\"text-align: left; vertical-align: top; width: 33%;\" rowspan=\"2\" width=\"33%\"><span style=\"font-size: 12pt;\"><strong>Mangiare<\/strong><\/span><\/p>\n<blockquote><p><span style=\"font-size: 12pt;\">(che) io <span style=\"color: #cc0000;\">mangiassi<\/span><\/span><br \/>\n<span style=\"font-size: 12pt;\">(che) tu<span style=\"color: #cc0000;\"> mangiassi<\/span><\/span><br \/>\n<span style=\"font-size: 12pt;\">(che) lui\/ lei <span style=\"color: #cc0000;\">mangiasse<\/span><\/span><br \/>\n<span style=\"font-size: 12pt;\">(che) noi <span style=\"color: #cc0000;\">mangiassimo<\/span><\/span><br \/>\n<span style=\"font-size: 12pt;\">(che) voi<span style=\"color: #cc0000;\"> mangiaste<\/span><\/span><br \/>\n<span style=\"font-size: 12pt;\">(che) loro <span style=\"color: #cc0000;\">mangiassero<\/span><\/span><\/p><\/blockquote>\n<\/td>\n<td style=\"text-align: left; vertical-align: top; width: 32.714285714285715%;\" rowspan=\"2\" width=\"34%\"><span style=\"font-size: 12pt;\"><strong>Vendere<\/strong><\/span><\/p>\n<blockquote><p><span style=\"font-size: 12pt;\">(che) io <span style=\"color: #cc0000;\">vendessi<\/span><\/span><br \/>\n<span style=\"font-size: 12pt;\">(che) tu <span style=\"color: #cc0000;\">vendessi<\/span><\/span><br \/>\n<span style=\"font-size: 12pt;\">(che) lui\/lei <span style=\"color: #cc0000;\">vendesse<\/span><\/span><br \/>\n<span style=\"font-size: 12pt;\">(che) noi <span style=\"color: #cc0000;\">vendessimo<\/span><\/span><br \/>\n<span style=\"font-size: 12pt;\">(che) voi <span style=\"color: #cc0000;\">vendeste<\/span><\/span><br \/>\n<span style=\"font-size: 12pt;\">(che) loro <span style=\"color: #cc0000;\">vendessero<\/span><\/span><\/p><\/blockquote>\n<\/td>\n<td style=\"text-align: left; vertical-align: top; width: 34.285714285714285%;\" rowspan=\"2\" width=\"33%\"><span style=\"font-size: 12pt;\"><strong>Sentire<\/strong><\/span><\/p>\n<blockquote><p><span style=\"font-size: 12pt;\">(che) io <span style=\"color: #cc0000;\">sentissi<\/span><\/span><br \/>\n<span style=\"font-size: 12pt;\">(che) tu <span style=\"color: #cc0000;\">sentissi<\/span><\/span><br \/>\n<span style=\"font-size: 12pt;\">(che) lui\/lei <span style=\"color: #cc0000;\">sentisse<\/span><\/span><br \/>\n<span style=\"font-size: 12pt;\">(che) noi <span style=\"color: #cc0000;\">sentissimo<\/span><\/span><br \/>\n<span style=\"font-size: 12pt;\">(che) voi <span style=\"color: #cc0000;\">sentiste<\/span><\/span><br \/>\n<span style=\"font-size: 12pt;\">(che) loro <span style=\"color: #cc0000;\">sentissero<\/span><\/span><\/p><\/blockquote>\n<\/td>\n<\/tr>\n<\/tbody>\n<\/table>\n<p style=\"padding-left: 40px;\"><a href=\"https:\/\/oneworlditaliano.com\/wp-content\/uploads\/2022\/09\/favicon.ico\"><img loading=\"lazy\" decoding=\"async\" class=\"alignnone size-full wp-image-3339\" src=\"https:\/\/oneworlditaliano.com\/wp-content\/uploads\/2022\/09\/favicon.ico\" alt=\"\" width=\"16\" height=\"16\" \/><\/a> <a href=\"https:\/\/oneworlditaliano.com\/fr\/grammaire-italienne\/reference-grammaticale\/subjonctif\/\">Subjonctif Italien<\/a><span style=\"font-size: 12pt;\"> Le subjonctif est surtout utilis\u00e9 dans deux cas&#8230;<\/span><\/p>\n<h3><strong>3)\u00a0<\/strong>Utilisation.<\/h3>\n<p><span style=\"font-size: 12pt;\">\u00c9tudiez ces phrases et essayez de comprendre quand nous utilisons le subjonctif imparfait\u00a0:<\/span><\/p>\n<blockquote><p><span style=\"font-size: 12pt;\">Pensavo che Fabio <span style=\"color: #cc0000;\">fosse<\/span> in ritardo.<\/span><\/p><\/blockquote>\n<p style=\"padding-left: 40px;\"><strong>Exprimer des id\u00e9es, des convictions dans des situations qui ne sont pas prisesnte<\/strong><\/p>\n<blockquote><p>Speravo che tu <span style=\"color: #cc0000;\">potessi<\/span> venire alla festa.<\/p><\/blockquote>\n<p style=\"padding-left: 40px;\"><strong><span style=\"font-size: 12pt;\">Exprimer des d\u00e9sirs, des humeurs dans des situations hors du pr\u00e9sent<\/span><\/strong><\/p>\n<blockquote><p><span style=\"font-size: 12pt;\">Volevo che tu <span style=\"color: #cc0000;\">venissi<\/span> con me<\/span><\/p><\/blockquote>\n<p style=\"padding-left: 40px;\"><strong><span style=\"font-size: 12pt;\">Exprimer sa volont\u00e9 dans des situations non actuelles<\/span><\/strong><\/p>\n<h3>4) Maintenant, teste ce que tu as appris\u00a0:<\/h3>\n<p style=\"padding-left: 40px;\"><a href=\"https:\/\/oneworlditaliano.com\/wp-content\/uploads\/2022\/09\/favicon.ico\"><img loading=\"lazy\" decoding=\"async\" class=\"alignnone size-full wp-image-3339\" src=\"https:\/\/oneworlditaliano.com\/wp-content\/uploads\/2022\/09\/favicon.ico\" alt=\"\" width=\"16\" height=\"16\" \/><\/a> <a href=\"https:\/\/oneworlditaliano.com\/corsi-italiano\/esercizi-corso-viaggio-sardegna\/esercizio-n11-livello-intermedio\/\">Esercizio N\u00b011<\/a><\/p>\n<p>&nbsp;<\/p>\n","protected":false},"excerpt":{"rendered":"<p>1) \u00c9coutez le dialogue suivant\u00a0: VIVA SANT\u2019EFISIO! Alice:\u00a0Ah peccato! Se avessi prenotato prima saremmo andati sul palco della festa di Sant\u2019Efisio Laura:\u00a0La festa di Sant\u2019Efisio e quando la fanno? Alice:\u00a0Il primo Maggio a Cagliari, ma in passato penso la\u00a0facessero\u00a0un po\u2019 prima. Laura:\u00a0Ma sul serio? Alice:\u00a0Oltre ad essere tra le pi\u00f9 antiche, \u00e8 anche la pi\u00f9 lunga processione religiosa italiana, 65 [&hellip;]<\/p>\n","protected":false},"author":4,"featured_media":0,"comment_status":"closed","ping_status":"closed","sticky":false,"template":"","format":"standard","meta":{"footnotes":""},"categories":[564],"tags":[],"class_list":["post-18032","post","type-post","status-publish","format-standard","hentry","category-cours-voyager-sardaigne"],"yoast_head":"<!-- This site is optimized with the Yoast SEO plugin v27.5 - https:\/\/yoast.com\/product\/yoast-seo-wordpress\/ -->\n<title>Corso di Italiano Intermedio - le\u00e7on 11 - Viva Sant\u2019Efisio!<\/title>\n<meta name=\"description\" content=\"Cours d\u2019Italien Interm\u00e9diaire - Le\u00e7on 11\u00a0: Conjugaison des verbes r\u00e9guliers au subjonctif imparfait et les principales utilisations.\" \/>\n<meta name=\"robots\" content=\"index, follow, max-snippet:-1, max-image-preview:large, max-video-preview:-1\" \/>\n<link rel=\"canonical\" href=\"https:\/\/oneworlditaliano.com\/fr\/cours-italien\/cours-voyager-sardaigne\/intermedio-lezione-11\/\" \/>\n<meta property=\"og:locale\" content=\"fr_FR\" \/>\n<meta property=\"og:type\" content=\"article\" \/>\n<meta property=\"og:title\" content=\"Corso di Italiano Intermedio - le\u00e7on 11 - Viva Sant\u2019Efisio!\" \/>\n<meta property=\"og:description\" content=\"Cours d\u2019Italien Interm\u00e9diaire - Le\u00e7on 11\u00a0: Conjugaison des verbes r\u00e9guliers au subjonctif imparfait et les principales utilisations.\" \/>\n<meta property=\"og:url\" content=\"https:\/\/oneworlditaliano.com\/fr\/cours-italien\/cours-voyager-sardaigne\/intermedio-lezione-11\/\" \/>\n<meta property=\"og:site_name\" content=\"One World Italiano\" \/>\n<meta property=\"article:publisher\" content=\"https:\/\/www.facebook.com\/oneworlditaliano\/\" \/>\n<meta property=\"article:published_time\" content=\"2022-09-29T11:56:16+00:00\" \/>\n<meta property=\"article:modified_time\" content=\"2023-09-07T10:08:49+00:00\" \/>\n<meta property=\"og:image\" content=\"https:\/\/oneworlditaliano.com\/wp-content\/uploads\/2022\/09\/favicon.ico\" \/>\n<meta name=\"author\" content=\"Marta Coronas\" \/>\n<meta name=\"twitter:card\" content=\"summary_large_image\" \/>\n<meta name=\"twitter:label1\" content=\"\u00c9crit par\" \/>\n\t<meta name=\"twitter:data1\" content=\"Marta Coronas\" \/>\n\t<meta name=\"twitter:label2\" content=\"Dur\u00e9e de lecture estim\u00e9e\" \/>\n\t<meta name=\"twitter:data2\" content=\"1 minute\" \/>\n<script type=\"application\/ld+json\" class=\"yoast-schema-graph\">{\"@context\":\"https:\\\/\\\/schema.org\",\"@graph\":[{\"@type\":\"Article\",\"@id\":\"https:\\\/\\\/oneworlditaliano.com\\\/fr\\\/cours-italien\\\/cours-voyager-sardaigne\\\/intermedio-lezione-11\\\/#article\",\"isPartOf\":{\"@id\":\"https:\\\/\\\/oneworlditaliano.com\\\/fr\\\/cours-italien\\\/cours-voyager-sardaigne\\\/intermedio-lezione-11\\\/\"},\"author\":{\"name\":\"Marta Coronas\",\"@id\":\"https:\\\/\\\/oneworlditaliano.com\\\/fr\\\/#\\\/schema\\\/person\\\/634cd6fd4686f62658dfa5c47c5e1e0f\"},\"headline\":\"le\u00e7on 11 &#8211; Viva Sant\u2019Efisio!\",\"datePublished\":\"2022-09-29T11:56:16+00:00\",\"dateModified\":\"2023-09-07T10:08:49+00:00\",\"mainEntityOfPage\":{\"@id\":\"https:\\\/\\\/oneworlditaliano.com\\\/fr\\\/cours-italien\\\/cours-voyager-sardaigne\\\/intermedio-lezione-11\\\/\"},\"wordCount\":302,\"publisher\":{\"@id\":\"https:\\\/\\\/oneworlditaliano.com\\\/fr\\\/#organization\"},\"image\":{\"@id\":\"https:\\\/\\\/oneworlditaliano.com\\\/fr\\\/cours-italien\\\/cours-voyager-sardaigne\\\/intermedio-lezione-11\\\/#primaryimage\"},\"thumbnailUrl\":\"https:\\\/\\\/oneworlditaliano.com\\\/wp-content\\\/uploads\\\/2022\\\/09\\\/favicon.ico\",\"articleSection\":[\"Cours : In viaggio per la Sardegna\"],\"inLanguage\":\"fr-FR\"},{\"@type\":\"WebPage\",\"@id\":\"https:\\\/\\\/oneworlditaliano.com\\\/fr\\\/cours-italien\\\/cours-voyager-sardaigne\\\/intermedio-lezione-11\\\/\",\"url\":\"https:\\\/\\\/oneworlditaliano.com\\\/fr\\\/cours-italien\\\/cours-voyager-sardaigne\\\/intermedio-lezione-11\\\/\",\"name\":\"Corso di Italiano Intermedio - le\u00e7on 11 - Viva Sant\u2019Efisio!\",\"isPartOf\":{\"@id\":\"https:\\\/\\\/oneworlditaliano.com\\\/fr\\\/#website\"},\"primaryImageOfPage\":{\"@id\":\"https:\\\/\\\/oneworlditaliano.com\\\/fr\\\/cours-italien\\\/cours-voyager-sardaigne\\\/intermedio-lezione-11\\\/#primaryimage\"},\"image\":{\"@id\":\"https:\\\/\\\/oneworlditaliano.com\\\/fr\\\/cours-italien\\\/cours-voyager-sardaigne\\\/intermedio-lezione-11\\\/#primaryimage\"},\"thumbnailUrl\":\"https:\\\/\\\/oneworlditaliano.com\\\/wp-content\\\/uploads\\\/2022\\\/09\\\/favicon.ico\",\"datePublished\":\"2022-09-29T11:56:16+00:00\",\"dateModified\":\"2023-09-07T10:08:49+00:00\",\"description\":\"Cours d\u2019Italien Interm\u00e9diaire - Le\u00e7on 11\u00a0: Conjugaison des verbes r\u00e9guliers au subjonctif imparfait et les principales utilisations.\",\"breadcrumb\":{\"@id\":\"https:\\\/\\\/oneworlditaliano.com\\\/fr\\\/cours-italien\\\/cours-voyager-sardaigne\\\/intermedio-lezione-11\\\/#breadcrumb\"},\"inLanguage\":\"fr-FR\",\"potentialAction\":[{\"@type\":\"ReadAction\",\"target\":[\"https:\\\/\\\/oneworlditaliano.com\\\/fr\\\/cours-italien\\\/cours-voyager-sardaigne\\\/intermedio-lezione-11\\\/\"]}]},{\"@type\":\"ImageObject\",\"inLanguage\":\"fr-FR\",\"@id\":\"https:\\\/\\\/oneworlditaliano.com\\\/fr\\\/cours-italien\\\/cours-voyager-sardaigne\\\/intermedio-lezione-11\\\/#primaryimage\",\"url\":\"https:\\\/\\\/oneworlditaliano.com\\\/wp-content\\\/uploads\\\/2022\\\/09\\\/favicon.ico\",\"contentUrl\":\"https:\\\/\\\/oneworlditaliano.com\\\/wp-content\\\/uploads\\\/2022\\\/09\\\/favicon.ico\"},{\"@type\":\"BreadcrumbList\",\"@id\":\"https:\\\/\\\/oneworlditaliano.com\\\/fr\\\/cours-italien\\\/cours-voyager-sardaigne\\\/intermedio-lezione-11\\\/#breadcrumb\",\"itemListElement\":[{\"@type\":\"ListItem\",\"position\":1,\"name\":\"Home\",\"item\":\"https:\\\/\\\/oneworlditaliano.com\\\/fr\\\/\"},{\"@type\":\"ListItem\",\"position\":2,\"name\":\"le\u00e7on 11 &#8211; Viva Sant\u2019Efisio!\"}]},{\"@type\":\"WebSite\",\"@id\":\"https:\\\/\\\/oneworlditaliano.com\\\/fr\\\/#website\",\"url\":\"https:\\\/\\\/oneworlditaliano.com\\\/fr\\\/\",\"name\":\"One World Italiano\",\"description\":\"Impara italiano online\",\"publisher\":{\"@id\":\"https:\\\/\\\/oneworlditaliano.com\\\/fr\\\/#organization\"},\"potentialAction\":[{\"@type\":\"SearchAction\",\"target\":{\"@type\":\"EntryPoint\",\"urlTemplate\":\"https:\\\/\\\/oneworlditaliano.com\\\/fr\\\/?s={search_term_string}\"},\"query-input\":{\"@type\":\"PropertyValueSpecification\",\"valueRequired\":true,\"valueName\":\"search_term_string\"}}],\"inLanguage\":\"fr-FR\"},{\"@type\":\"Organization\",\"@id\":\"https:\\\/\\\/oneworlditaliano.com\\\/fr\\\/#organization\",\"name\":\"One World Italiano\",\"alternateName\":\"One World\",\"url\":\"https:\\\/\\\/oneworlditaliano.com\\\/fr\\\/\",\"logo\":{\"@type\":\"ImageObject\",\"inLanguage\":\"fr-FR\",\"@id\":\"https:\\\/\\\/oneworlditaliano.com\\\/fr\\\/#\\\/schema\\\/logo\\\/image\\\/\",\"url\":\"https:\\\/\\\/oneworlditaliano.com\\\/wp-content\\\/uploads\\\/2023\\\/01\\\/One-World-Italiano.jpg\",\"contentUrl\":\"https:\\\/\\\/oneworlditaliano.com\\\/wp-content\\\/uploads\\\/2023\\\/01\\\/One-World-Italiano.jpg\",\"width\":696,\"height\":678,\"caption\":\"One World Italiano\"},\"image\":{\"@id\":\"https:\\\/\\\/oneworlditaliano.com\\\/fr\\\/#\\\/schema\\\/logo\\\/image\\\/\"},\"sameAs\":[\"https:\\\/\\\/www.facebook.com\\\/oneworlditaliano\\\/\",\"https:\\\/\\\/www.youtube.com\\\/user\\\/Oneworlditaliano\"]},{\"@type\":\"Person\",\"@id\":\"https:\\\/\\\/oneworlditaliano.com\\\/fr\\\/#\\\/schema\\\/person\\\/634cd6fd4686f62658dfa5c47c5e1e0f\",\"name\":\"Marta Coronas\",\"url\":\"https:\\\/\\\/oneworlditaliano.com\\\/fr\\\/author\\\/marta-coronas\\\/\"}]}<\/script>\n<!-- \/ Yoast SEO plugin. -->","yoast_head_json":{"title":"Corso di Italiano Intermedio - le\u00e7on 11 - Viva Sant\u2019Efisio!","description":"Cours d\u2019Italien Interm\u00e9diaire - Le\u00e7on 11\u00a0: Conjugaison des verbes r\u00e9guliers au subjonctif imparfait et les principales utilisations.","robots":{"index":"index","follow":"follow","max-snippet":"max-snippet:-1","max-image-preview":"max-image-preview:large","max-video-preview":"max-video-preview:-1"},"canonical":"https:\/\/oneworlditaliano.com\/fr\/cours-italien\/cours-voyager-sardaigne\/intermedio-lezione-11\/","og_locale":"fr_FR","og_type":"article","og_title":"Corso di Italiano Intermedio - le\u00e7on 11 - Viva Sant\u2019Efisio!","og_description":"Cours d\u2019Italien Interm\u00e9diaire - Le\u00e7on 11\u00a0: Conjugaison des verbes r\u00e9guliers au subjonctif imparfait et les principales utilisations.","og_url":"https:\/\/oneworlditaliano.com\/fr\/cours-italien\/cours-voyager-sardaigne\/intermedio-lezione-11\/","og_site_name":"One World Italiano","article_publisher":"https:\/\/www.facebook.com\/oneworlditaliano\/","article_published_time":"2022-09-29T11:56:16+00:00","article_modified_time":"2023-09-07T10:08:49+00:00","og_image":[{"url":"https:\/\/oneworlditaliano.com\/wp-content\/uploads\/2022\/09\/favicon.ico","type":"","width":"","height":""}],"author":"Marta Coronas","twitter_card":"summary_large_image","twitter_misc":{"\u00c9crit par":"Marta Coronas","Dur\u00e9e de lecture estim\u00e9e":"1 minute"},"schema":{"@context":"https:\/\/schema.org","@graph":[{"@type":"Article","@id":"https:\/\/oneworlditaliano.com\/fr\/cours-italien\/cours-voyager-sardaigne\/intermedio-lezione-11\/#article","isPartOf":{"@id":"https:\/\/oneworlditaliano.com\/fr\/cours-italien\/cours-voyager-sardaigne\/intermedio-lezione-11\/"},"author":{"name":"Marta Coronas","@id":"https:\/\/oneworlditaliano.com\/fr\/#\/schema\/person\/634cd6fd4686f62658dfa5c47c5e1e0f"},"headline":"le\u00e7on 11 &#8211; Viva Sant\u2019Efisio!","datePublished":"2022-09-29T11:56:16+00:00","dateModified":"2023-09-07T10:08:49+00:00","mainEntityOfPage":{"@id":"https:\/\/oneworlditaliano.com\/fr\/cours-italien\/cours-voyager-sardaigne\/intermedio-lezione-11\/"},"wordCount":302,"publisher":{"@id":"https:\/\/oneworlditaliano.com\/fr\/#organization"},"image":{"@id":"https:\/\/oneworlditaliano.com\/fr\/cours-italien\/cours-voyager-sardaigne\/intermedio-lezione-11\/#primaryimage"},"thumbnailUrl":"https:\/\/oneworlditaliano.com\/wp-content\/uploads\/2022\/09\/favicon.ico","articleSection":["Cours : In viaggio per la Sardegna"],"inLanguage":"fr-FR"},{"@type":"WebPage","@id":"https:\/\/oneworlditaliano.com\/fr\/cours-italien\/cours-voyager-sardaigne\/intermedio-lezione-11\/","url":"https:\/\/oneworlditaliano.com\/fr\/cours-italien\/cours-voyager-sardaigne\/intermedio-lezione-11\/","name":"Corso di Italiano Intermedio - le\u00e7on 11 - Viva Sant\u2019Efisio!","isPartOf":{"@id":"https:\/\/oneworlditaliano.com\/fr\/#website"},"primaryImageOfPage":{"@id":"https:\/\/oneworlditaliano.com\/fr\/cours-italien\/cours-voyager-sardaigne\/intermedio-lezione-11\/#primaryimage"},"image":{"@id":"https:\/\/oneworlditaliano.com\/fr\/cours-italien\/cours-voyager-sardaigne\/intermedio-lezione-11\/#primaryimage"},"thumbnailUrl":"https:\/\/oneworlditaliano.com\/wp-content\/uploads\/2022\/09\/favicon.ico","datePublished":"2022-09-29T11:56:16+00:00","dateModified":"2023-09-07T10:08:49+00:00","description":"Cours d\u2019Italien Interm\u00e9diaire - Le\u00e7on 11\u00a0: Conjugaison des verbes r\u00e9guliers au subjonctif imparfait et les principales utilisations.","breadcrumb":{"@id":"https:\/\/oneworlditaliano.com\/fr\/cours-italien\/cours-voyager-sardaigne\/intermedio-lezione-11\/#breadcrumb"},"inLanguage":"fr-FR","potentialAction":[{"@type":"ReadAction","target":["https:\/\/oneworlditaliano.com\/fr\/cours-italien\/cours-voyager-sardaigne\/intermedio-lezione-11\/"]}]},{"@type":"ImageObject","inLanguage":"fr-FR","@id":"https:\/\/oneworlditaliano.com\/fr\/cours-italien\/cours-voyager-sardaigne\/intermedio-lezione-11\/#primaryimage","url":"https:\/\/oneworlditaliano.com\/wp-content\/uploads\/2022\/09\/favicon.ico","contentUrl":"https:\/\/oneworlditaliano.com\/wp-content\/uploads\/2022\/09\/favicon.ico"},{"@type":"BreadcrumbList","@id":"https:\/\/oneworlditaliano.com\/fr\/cours-italien\/cours-voyager-sardaigne\/intermedio-lezione-11\/#breadcrumb","itemListElement":[{"@type":"ListItem","position":1,"name":"Home","item":"https:\/\/oneworlditaliano.com\/fr\/"},{"@type":"ListItem","position":2,"name":"le\u00e7on 11 &#8211; Viva Sant\u2019Efisio!"}]},{"@type":"WebSite","@id":"https:\/\/oneworlditaliano.com\/fr\/#website","url":"https:\/\/oneworlditaliano.com\/fr\/","name":"One World Italiano","description":"Impara italiano online","publisher":{"@id":"https:\/\/oneworlditaliano.com\/fr\/#organization"},"potentialAction":[{"@type":"SearchAction","target":{"@type":"EntryPoint","urlTemplate":"https:\/\/oneworlditaliano.com\/fr\/?s={search_term_string}"},"query-input":{"@type":"PropertyValueSpecification","valueRequired":true,"valueName":"search_term_string"}}],"inLanguage":"fr-FR"},{"@type":"Organization","@id":"https:\/\/oneworlditaliano.com\/fr\/#organization","name":"One World Italiano","alternateName":"One World","url":"https:\/\/oneworlditaliano.com\/fr\/","logo":{"@type":"ImageObject","inLanguage":"fr-FR","@id":"https:\/\/oneworlditaliano.com\/fr\/#\/schema\/logo\/image\/","url":"https:\/\/oneworlditaliano.com\/wp-content\/uploads\/2023\/01\/One-World-Italiano.jpg","contentUrl":"https:\/\/oneworlditaliano.com\/wp-content\/uploads\/2023\/01\/One-World-Italiano.jpg","width":696,"height":678,"caption":"One World Italiano"},"image":{"@id":"https:\/\/oneworlditaliano.com\/fr\/#\/schema\/logo\/image\/"},"sameAs":["https:\/\/www.facebook.com\/oneworlditaliano\/","https:\/\/www.youtube.com\/user\/Oneworlditaliano"]},{"@type":"Person","@id":"https:\/\/oneworlditaliano.com\/fr\/#\/schema\/person\/634cd6fd4686f62658dfa5c47c5e1e0f","name":"Marta Coronas","url":"https:\/\/oneworlditaliano.com\/fr\/author\/marta-coronas\/"}]}},"_links":{"self":[{"href":"https:\/\/oneworlditaliano.com\/fr\/wp-json\/wp\/v2\/posts\/18032","targetHints":{"allow":["GET"]}}],"collection":[{"href":"https:\/\/oneworlditaliano.com\/fr\/wp-json\/wp\/v2\/posts"}],"about":[{"href":"https:\/\/oneworlditaliano.com\/fr\/wp-json\/wp\/v2\/types\/post"}],"author":[{"embeddable":true,"href":"https:\/\/oneworlditaliano.com\/fr\/wp-json\/wp\/v2\/users\/4"}],"replies":[{"embeddable":true,"href":"https:\/\/oneworlditaliano.com\/fr\/wp-json\/wp\/v2\/comments?post=18032"}],"version-history":[{"count":2,"href":"https:\/\/oneworlditaliano.com\/fr\/wp-json\/wp\/v2\/posts\/18032\/revisions"}],"predecessor-version":[{"id":18034,"href":"https:\/\/oneworlditaliano.com\/fr\/wp-json\/wp\/v2\/posts\/18032\/revisions\/18034"}],"wp:attachment":[{"href":"https:\/\/oneworlditaliano.com\/fr\/wp-json\/wp\/v2\/media?parent=18032"}],"wp:term":[{"taxonomy":"category","embeddable":true,"href":"https:\/\/oneworlditaliano.com\/fr\/wp-json\/wp\/v2\/categories?post=18032"},{"taxonomy":"post_tag","embeddable":true,"href":"https:\/\/oneworlditaliano.com\/fr\/wp-json\/wp\/v2\/tags?post=18032"}],"curies":[{"name":"wp","href":"https:\/\/api.w.org\/{rel}","templated":true}]}}